{"id":379,"date":"2019-03-07T19:59:45","date_gmt":"2019-03-07T19:59:45","guid":{"rendered":"https:\/\/sapad.gob.mx\/?p=379"},"modified":"2019-03-11T17:31:46","modified_gmt":"2019-03-11T17:31:46","slug":"el-sapad-los-reyes-invita-a-las-instituciones-educativas-de-primaria-a-participar-en-las-jornadas-y-eventos-sobre-cultura-del-agua","status":"publish","type":"post","link":"https:\/\/sapad.gob.mx\/historico\/2019\/03\/07\/el-sapad-los-reyes-invita-a-las-instituciones-educativas-de-primaria-a-participar-en-las-jornadas-y-eventos-sobre-cultura-del-agua\/","title":{"rendered":"El SAPAD Los Reyes invita a las instituciones educativas de primaria a participar en las jornadas y eventos sobre \u201cCultura del Agua\u201d"},"content":{"rendered":"\n<div class=\"wp-block-image\"><figure class=\"aligncenter is-resized\"><img loading=\"lazy\" decoding=\"async\" src=\"https:\/\/sapad.gob.mx\/historico\/wp-content\/uploads\/2019\/03\/WhatsApp-Image-2019-03-06-at-11.39.56-PM-3-3-768x1024.jpeg\" alt=\"\" class=\"wp-image-380\" width=\"366\" height=\"486\"\/><\/figure><\/div>\n\n\n\n<p><\/p>\n\n\n\n<p><\/p>\n\n\n\n<p style=\"text-align:left\">El d\u00eda de hoy 6 de Marzo del 2018 personal del SAPAD Los Reyes, encabezados por su Director C. Ricardo Espinosa Valencia, sostuvieron una reuni\u00f3n de trabajo con el Jefe de Servicios Regionales de la SEE, Supervisores, Directores y representantes de diversas Instituciones Educativas de Nivel Primaria de la ciudad, con el prop\u00f3sito de invitarlos a participar en las jornadas y eventos sobre \u201cCultura del Agua\u201d a realizarse en el presente mes y que tendr\u00e1n como prioridad llevar dichas actividades a los ni\u00f1os que cursan el nivel primaria, el Director del SAPAD inici\u00f3 su participaci\u00f3n externando a los asistentes un cordial saludo del Ciudadano Presidente Municipal C.P. C\u00e9sar Enrique Palafox Quintero y su inter\u00e9s por fomentar el cuidado del agua desde los ni\u00f1os y que por medio de ellos los adultos hagan mayor conciencia para preservar el vital l\u00edquido.<\/p>\n\n\n\n<p><\/p>\n\n\n\n<p><\/p>\n\n\n\n<ul class=\"wp-block-gallery aligncenter columns-2 is-cropped wp-block-gallery-1 is-layout-flex wp-block-gallery-is-layout-flex\"><li class=\"blocks-gallery-item\"><figure><img loading=\"lazy\" decoding=\"async\" width=\"576\" height=\"1024\" src=\"https:\/\/sapad.gob.mx\/historico\/wp-content\/uploads\/2019\/03\/WhatsApp-Image-2019-03-06-at-5.08.19-PM-2-576x1024.jpeg\" alt=\"\" data-id=\"384\" data-link=\"https:\/\/sapad.gob.mx\/historico\/?attachment_id=384\" class=\"wp-image-384\" srcset=\"https:\/\/sapad.gob.mx\/historico\/wp-content\/uploads\/2019\/03\/WhatsApp-Image-2019-03-06-at-5.08.19-PM-2-576x1024.jpeg 576w, https:\/\/sapad.gob.mx\/historico\/wp-content\/uploads\/2019\/03\/WhatsApp-Image-2019-03-06-at-5.08.19-PM-2-169x300.jpeg 169w, https:\/\/sapad.gob.mx\/historico\/wp-content\/uploads\/2019\/03\/WhatsApp-Image-2019-03-06-at-5.08.19-PM-2.jpeg 720w\" sizes=\"auto, (max-width: 576px) 100vw, 576px\" \/><\/figure><\/li><li class=\"blocks-gallery-item\"><figure><img loading=\"lazy\" decoding=\"async\" width=\"768\" height=\"1024\" src=\"https:\/\/sapad.gob.mx\/historico\/wp-content\/uploads\/2019\/03\/WhatsApp-Image-2019-03-06-at-11.39.56-PM-2-2-768x1024.jpeg\" alt=\"\" data-id=\"385\" data-link=\"https:\/\/sapad.gob.mx\/historico\/?attachment_id=385\" class=\"wp-image-385\" srcset=\"https:\/\/sapad.gob.mx\/historico\/wp-content\/uploads\/2019\/03\/WhatsApp-Image-2019-03-06-at-11.39.56-PM-2-2.jpeg 768w, https:\/\/sapad.gob.mx\/historico\/wp-content\/uploads\/2019\/03\/WhatsApp-Image-2019-03-06-at-11.39.56-PM-2-2-225x300.jpeg 225w\" sizes=\"auto, (max-width: 768px) 100vw, 768px\" \/><\/figure><\/li><\/ul>\n","protected":false},"excerpt":{"rendered":"<p>El d\u00eda de hoy 6 de Marzo del 2018 personal del SAPAD Los Reyes, encabezados por su Director C. Ricardo Espinosa Valencia, sostuvieron una reuni\u00f3n de trabajo con el Jefe de Servicios Regionales de la SEE, Supervisores, Directores y representantes de diversas Instituciones Educativas de Nivel Primaria de la ciudad, con el prop\u00f3sito de invitarlos [&hellip;]<\/p>\n","protected":false},"author":1,"featured_media":0,"comment_status":"closed","ping_status":"closed","sticky":false,"template":"","format":"standard","meta":{"_et_pb_use_builder":"off","_et_pb_old_content":"","_et_gb_content_width":"","footnotes":""},"categories":[1],"tags":[],"class_list":["post-379","post","type-post","status-publish","format-standard","hentry","category-uncategorized"],"_links":{"self":[{"href":"https:\/\/sapad.gob.mx\/historico\/wp-json\/wp\/v2\/posts\/379","targetHints":{"allow":["GET"]}}],"collection":[{"href":"https:\/\/sapad.gob.mx\/historico\/wp-json\/wp\/v2\/posts"}],"about":[{"href":"https:\/\/sapad.gob.mx\/historico\/wp-json\/wp\/v2\/types\/post"}],"author":[{"embeddable":true,"href":"https:\/\/sapad.gob.mx\/historico\/wp-json\/wp\/v2\/users\/1"}],"replies":[{"embeddable":true,"href":"https:\/\/sapad.gob.mx\/historico\/wp-json\/wp\/v2\/comments?post=379"}],"version-history":[{"count":5,"href":"https:\/\/sapad.gob.mx\/historico\/wp-json\/wp\/v2\/posts\/379\/revisions"}],"predecessor-version":[{"id":401,"href":"https:\/\/sapad.gob.mx\/historico\/wp-json\/wp\/v2\/posts\/379\/revisions\/401"}],"wp:attachment":[{"href":"https:\/\/sapad.gob.mx\/historico\/wp-json\/wp\/v2\/media?parent=379"}],"wp:term":[{"taxonomy":"category","embeddable":true,"href":"https:\/\/sapad.gob.mx\/historico\/wp-json\/wp\/v2\/categories?post=379"},{"taxonomy":"post_tag","embeddable":true,"href":"https:\/\/sapad.gob.mx\/historico\/wp-json\/wp\/v2\/tags?post=379"}],"curies":[{"name":"wp","href":"https:\/\/api.w.org\/{rel}","templated":true}]}}